{"id":9947,"date":"2020-11-04T08:00:06","date_gmt":"2020-11-04T08:00:06","guid":{"rendered":"https:\/\/aica.com\/cuanto-tiempo-debo-estar-de-baja-tras-una-lesion-de-espalda-por-accidente-de-trafico\/"},"modified":"2025-04-30T10:54:02","modified_gmt":"2025-04-30T10:54:02","slug":"cuanto-tiempo-debo-estar-de-baja-tras-una-lesion-de-espalda-por-accidente-de-trafico","status":"publish","type":"post","link":"https:\/\/aica.com\/es\/cuanto-tiempo-debo-estar-de-baja-tras-una-lesion-de-espalda-por-accidente-de-trafico\/","title":{"rendered":"\u00bfCu\u00e1nto tiempo debo estar de baja tras una lesi\u00f3n de espalda por accidente de tr\u00e1fico?"},"content":{"rendered":"<p>Muchas personas quieren dejar atr\u00e1s su accidente de coche y reanudar sus rutinas normales lo antes posible, y aunque a veces esto es posible, tu salud debe ser lo primero. Si has sufrido una lesi\u00f3n o tienes <a href=\"https:\/\/aica.com\/es\/we-treat\/lesiones-por-accidente-de-trafico\/\">dolor de espalda tras un accidente de coche<\/a>, reincorporarte inmediatamente a actividades como el trabajo puede no ser la mejor idea. Esto puede ser estresante, pues debes plantearte si puedes permitirte tomarte tiempo libre y cu\u00e1ndo es el momento adecuado para volver. T\u00fa y tu m\u00e9dico pod\u00e9is trabajar juntos para tomar una decisi\u00f3n que sea adecuada para ti en funci\u00f3n de tu lesi\u00f3n y tu <a href=\"https:\/\/aica.com\/es\/que-opciones-de-tratamiento-tengo-para-la-estenosis-espinal\/\">plan de tratamiento<\/a>.<\/p>\n<h2>Las lesiones pueden no aparecer inmediatamente<\/h2>\n<p>Adem\u00e1s de las lesiones causadas por el impacto real en un accidente de coche, nuestro cuerpo tambi\u00e9n puede tener una reacci\u00f3n hormonal a la situaci\u00f3n. La adrenalina se libera r\u00e1pidamente en el sistema, lo que puede hacerte sentir que no est\u00e1s herido y que puedes seguir con normalidad durante horas o incluso d\u00edas despu\u00e9s de que se produzca el siniestro. Uno de los peligros en este periodo de tiempo es que puedes hacer un sobreesfuerzo y empeorar las lesiones \u00a1antes incluso de saber que las tienes!<\/p>\n<p>Lo mejor es esperar a que se haya pasado por completo para que puedas comprender realmente las lesiones que hayas podido sufrir. Normalmente, unos tres d\u00edas es tiempo suficiente para que se produzca este proceso y empieces a sentir los s\u00edntomas retardados. Los primeros d\u00edas tras un accidente de coche pueden ser estresantes por s\u00ed solos, as\u00ed que tomarte este tiempo para descansar y atender cualquier necesidad inmediata tambi\u00e9n puede reducir el estr\u00e9s en el futuro.<\/p>\n<h2>\u00bfInfluye el tiempo libre en las reclamaciones al seguro?<\/h2>\n<p>A mucha gente le preocupa que la baja laboral, o la decisi\u00f3n de reincorporarse, repercuta en su caso de seguro y en los procedimientos judiciales. En cierto modo, esto es cierto. Cuando se emite un acuerdo, los salarios perdidos son un \u00e1rea que se tiene en cuenta para la indemnizaci\u00f3n, adem\u00e1s de otros gastos. Aunque es probable que se te reembolse en este caso, puede que eso no ocurra hasta despu\u00e9s de que se resuelva el caso.<\/p>\n<p>Sin embargo, la baja laboral no es un requisito para que prospere una reclamaci\u00f3n al seguro. Si un m\u00e9dico te ha evaluado adecuadamente y ha determinado que tu trabajo no empeorar\u00e1 los s\u00edntomas, es posible que puedas volver al trabajo despu\u00e9s de sufrir una lesi\u00f3n y seguir recibiendo una indemnizaci\u00f3n justa. Si tu m\u00e9dico no considera prudente que vuelvas al trabajo y t\u00fa decides hacerlo de todos modos, eso tambi\u00e9n puede constar y cualquier lesi\u00f3n posterior puede quedar excluida de las reclamaciones.<\/p>\n<h2>Cu\u00e1ndo plantearse pedir la excedencia<\/h2>\n<p>Adem\u00e1s de la ventana inicial tras tu accidente, hay algunos casos que pueden requerir m\u00e1s tiempo de baja que otros, dependiendo de tu lesi\u00f3n y campo de trabajo.<\/p>\n<p>Muchas de estas preocupaciones provienen de quienes realizan trabajos manuales que les exigen ser fuertes y sanos, y estos empleos suelen ser los m\u00e1s afectados por las lesiones. Pero tambi\u00e9n puedes plantearte tomarte un tiempo libre si tienes un trabajo de oficina. Uno de los motivos es el riesgo de <a href=\"https:\/\/aica.com\/es\/we-treat\/condiciones\/conmociones-cerebrales\/\">conmoci\u00f3n cerebral<\/a> asociado a un accidente de coche: si tu cabeza se golpe\u00f3 o se sacudi\u00f3 con la suficiente rapidez como para que tu cerebro sufriera una sacudida, podr\u00edas sufrir esta lesi\u00f3n cerebral traum\u00e1tica leve. Incluso sin saber que tienes una conmoci\u00f3n cerebral, el uso prolongado de pantallas en una oficina puede empeorar estos problemas.<\/p>\n<p>Si sufres <a href=\"https:\/\/aica.com\/es\/we-treat\/dolor\/dolor-de-espalda\/\">dolor de espalda<\/a> tras un accidente de coche, a veces la posici\u00f3n en que nos sentamos en las sillas de escritorio puede agravar el problema y empeorar la dolencia. Si la lesi\u00f3n se agrava, puedes ser responsable de los da\u00f1os continuados provocados por una reincorporaci\u00f3n anticipada al trabajo.<\/p>\n<p>En \u00faltima instancia, t\u00fa y tu m\u00e9dico tendr\u00e9is que trabajar juntos para decidir la opci\u00f3n adecuada para ti. Esto implica sopesar tu diagn\u00f3stico, tu situaci\u00f3n econ\u00f3mica y tu solicitud al seguro, pero tu salud ser\u00e1 la m\u00e1xima prioridad del m\u00e9dico.<\/p>\n<h3>Toma de decisiones con expertos<\/h3>\n<p>Para hacer lo correcto, querr\u00e1s tener detr\u00e1s a un equipo de los mejores especialistas. En Ortopedia AICA, ofrecemos una ubicaci\u00f3n central con acceso a <a href=\"https:\/\/aica.com\/es\/quiropracticos\/\">quiropr\u00e1cticos<\/a>, <a href=\"https:\/\/aica.com\/es\/medicos-ortopedicos\/\">especialistas ortop\u00e9dicos<\/a>, <a href=\"https:\/\/aica.com\/es\/services\/fisioterapia\/\">fisioterapeutas<\/a> y m\u00e1s, que pueden trabajar juntos para crear un plan de tratamiento adecuado para ti. Tanto si sufres dolor de espalda por un accidente de coche, como si a\u00fan no presentas s\u00edntomas o has agravado una antigua lesi\u00f3n al reincorporarte al trabajo, Ortopedia AICA te ofrece una atenci\u00f3n integral en una ubicaci\u00f3n c\u00f3moda. Como especialistas en accidentes de coche, tambi\u00e9n podemos ayudarte con la documentaci\u00f3n adecuada de los historiales m\u00e9dicos y las reclamaciones al seguro, para que dispongas de la mejor informaci\u00f3n posible. \u00a1 <a href=\"tel:(404)%20855-2141\">Ll\u00e1manos<\/a> hoy para programar tu primera consulta!<\/p>\n","protected":false},"excerpt":{"rendered":"<p>Muchas personas quieren dejar atr\u00e1s su accidente de coche y reanudar sus rutinas normales lo antes posible, y aunque a veces esto es posible, tu salud debe ser lo primero&#8230;.<\/p>\n","protected":false},"author":9,"featured_media":7639,"comment_status":"closed","ping_status":"closed","sticky":false,"template":"","format":"standard","meta":{"_acf_changed":false,"inline_featured_image":false,"footnotes":""},"categories":[192],"tags":[235],"class_list":["post-9947","post","type-post","status-publish","format-standard","has-post-thumbnail","hentry","category-recuperacion-de-accidentes","tag-volver"],"acf":[],"yoast_head":"<!-- This site is optimized with the Yoast SEO plugin v27.5 - https:\/\/yoast.com\/product\/yoast-seo-wordpress\/ -->\n<title>Cu\u00e1nto tiempo de baja laboral tras una lesi\u00f3n de espalda por accidente de tr\u00e1fico<\/title>\n<meta name=\"description\" content=\"Sufrir una lesi\u00f3n de espalda tras un accidente de coche puede hacerte retroceder si no tomas las medidas adecuadas y el tiempo necesario para curarte. Lee aqu\u00ed lo que recomiendan los m\u00e9dicos\" \/>\n<meta name=\"robots\" content=\"index, follow, max-snippet:-1, max-image-preview:large, max-video-preview:-1\" \/>\n<link rel=\"canonical\" href=\"https:\/\/aica.com\/es\/cuanto-tiempo-debo-estar-de-baja-tras-una-lesion-de-espalda-por-accidente-de-trafico\/\" \/>\n<meta property=\"og:locale\" content=\"es_ES\" \/>\n<meta property=\"og:type\" content=\"article\" \/>\n<meta property=\"og:title\" content=\"Cu\u00e1nto tiempo de baja laboral tras una lesi\u00f3n de espalda por accidente de tr\u00e1fico\" \/>\n<meta property=\"og:description\" content=\"Sufrir una lesi\u00f3n de espalda tras un accidente de coche puede hacerte retroceder si no tomas las medidas adecuadas y el tiempo necesario para curarte. Lee aqu\u00ed lo que recomiendan los m\u00e9dicos\" \/>\n<meta property=\"og:url\" content=\"https:\/\/aica.com\/es\/cuanto-tiempo-debo-estar-de-baja-tras-una-lesion-de-espalda-por-accidente-de-trafico\/\" \/>\n<meta property=\"og:site_name\" content=\"AICA Orthopedics\" \/>\n<meta property=\"article:published_time\" content=\"2020-11-04T08:00:06+00:00\" \/>\n<meta property=\"article:modified_time\" content=\"2025-04-30T10:54:02+00:00\" \/>\n<meta property=\"og:image\" content=\"https:\/\/aica.com\/wp-content\/uploads\/2024\/09\/How-Long-Should-I-Stay-Out-of-Work-After-a-Back-Injury-from-a-Car-Accident.jpg\" \/>\n\t<meta property=\"og:image:width\" content=\"1000\" \/>\n\t<meta property=\"og:image:height\" content=\"667\" \/>\n\t<meta property=\"og:image:type\" content=\"image\/jpeg\" \/>\n<meta name=\"author\" content=\"aicaos\" \/>\n<meta name=\"twitter:card\" content=\"summary_large_image\" \/>\n<meta name=\"twitter:label1\" content=\"Escrito por\" \/>\n\t<meta name=\"twitter:data1\" content=\"aicaos\" \/>\n\t<meta name=\"twitter:label2\" content=\"Tiempo de lectura\" \/>\n\t<meta name=\"twitter:data2\" content=\"4 minutos\" \/>\n<script type=\"application\/ld+json\" class=\"yoast-schema-graph\">{\"@context\":\"https:\\\/\\\/schema.org\",\"@graph\":[{\"@type\":\"Article\",\"@id\":\"https:\\\/\\\/aica.com\\\/es\\\/cuanto-tiempo-debo-estar-de-baja-tras-una-lesion-de-espalda-por-accidente-de-trafico\\\/#article\",\"isPartOf\":{\"@id\":\"https:\\\/\\\/aica.com\\\/es\\\/cuanto-tiempo-debo-estar-de-baja-tras-una-lesion-de-espalda-por-accidente-de-trafico\\\/\"},\"author\":{\"name\":\"aicaos\",\"@id\":\"https:\\\/\\\/aica.com\\\/es\\\/#\\\/schema\\\/person\\\/d68d1233a139d55e37d8e4d867f6dc24\"},\"headline\":\"\u00bfCu\u00e1nto tiempo debo estar de baja tras una lesi\u00f3n de espalda por accidente de tr\u00e1fico?\",\"datePublished\":\"2020-11-04T08:00:06+00:00\",\"dateModified\":\"2025-04-30T10:54:02+00:00\",\"mainEntityOfPage\":{\"@id\":\"https:\\\/\\\/aica.com\\\/es\\\/cuanto-tiempo-debo-estar-de-baja-tras-una-lesion-de-espalda-por-accidente-de-trafico\\\/\"},\"wordCount\":884,\"image\":{\"@id\":\"https:\\\/\\\/aica.com\\\/es\\\/cuanto-tiempo-debo-estar-de-baja-tras-una-lesion-de-espalda-por-accidente-de-trafico\\\/#primaryimage\"},\"thumbnailUrl\":\"https:\\\/\\\/aica.com\\\/wp-content\\\/uploads\\\/2024\\\/09\\\/How-Long-Should-I-Stay-Out-of-Work-After-a-Back-Injury-from-a-Car-Accident.jpg\",\"keywords\":[\"volver\"],\"articleSection\":[\"Recuperaci\u00f3n de accidentes\"],\"inLanguage\":\"es\"},{\"@type\":\"WebPage\",\"@id\":\"https:\\\/\\\/aica.com\\\/es\\\/cuanto-tiempo-debo-estar-de-baja-tras-una-lesion-de-espalda-por-accidente-de-trafico\\\/\",\"url\":\"https:\\\/\\\/aica.com\\\/es\\\/cuanto-tiempo-debo-estar-de-baja-tras-una-lesion-de-espalda-por-accidente-de-trafico\\\/\",\"name\":\"Cu\u00e1nto tiempo de baja laboral tras una lesi\u00f3n de espalda por accidente de tr\u00e1fico\",\"isPartOf\":{\"@id\":\"https:\\\/\\\/aica.com\\\/es\\\/#website\"},\"primaryImageOfPage\":{\"@id\":\"https:\\\/\\\/aica.com\\\/es\\\/cuanto-tiempo-debo-estar-de-baja-tras-una-lesion-de-espalda-por-accidente-de-trafico\\\/#primaryimage\"},\"image\":{\"@id\":\"https:\\\/\\\/aica.com\\\/es\\\/cuanto-tiempo-debo-estar-de-baja-tras-una-lesion-de-espalda-por-accidente-de-trafico\\\/#primaryimage\"},\"thumbnailUrl\":\"https:\\\/\\\/aica.com\\\/wp-content\\\/uploads\\\/2024\\\/09\\\/How-Long-Should-I-Stay-Out-of-Work-After-a-Back-Injury-from-a-Car-Accident.jpg\",\"datePublished\":\"2020-11-04T08:00:06+00:00\",\"dateModified\":\"2025-04-30T10:54:02+00:00\",\"author\":{\"@id\":\"https:\\\/\\\/aica.com\\\/es\\\/#\\\/schema\\\/person\\\/d68d1233a139d55e37d8e4d867f6dc24\"},\"description\":\"Sufrir una lesi\u00f3n de espalda tras un accidente de coche puede hacerte retroceder si no tomas las medidas adecuadas y el tiempo necesario para curarte. Lee aqu\u00ed lo que recomiendan los m\u00e9dicos\",\"breadcrumb\":{\"@id\":\"https:\\\/\\\/aica.com\\\/es\\\/cuanto-tiempo-debo-estar-de-baja-tras-una-lesion-de-espalda-por-accidente-de-trafico\\\/#breadcrumb\"},\"inLanguage\":\"es\",\"potentialAction\":[{\"@type\":\"ReadAction\",\"target\":[\"https:\\\/\\\/aica.com\\\/es\\\/cuanto-tiempo-debo-estar-de-baja-tras-una-lesion-de-espalda-por-accidente-de-trafico\\\/\"]}]},{\"@type\":\"ImageObject\",\"inLanguage\":\"es\",\"@id\":\"https:\\\/\\\/aica.com\\\/es\\\/cuanto-tiempo-debo-estar-de-baja-tras-una-lesion-de-espalda-por-accidente-de-trafico\\\/#primaryimage\",\"url\":\"https:\\\/\\\/aica.com\\\/wp-content\\\/uploads\\\/2024\\\/09\\\/How-Long-Should-I-Stay-Out-of-Work-After-a-Back-Injury-from-a-Car-Accident.jpg\",\"contentUrl\":\"https:\\\/\\\/aica.com\\\/wp-content\\\/uploads\\\/2024\\\/09\\\/How-Long-Should-I-Stay-Out-of-Work-After-a-Back-Injury-from-a-Car-Accident.jpg\",\"width\":1000,\"height\":667},{\"@type\":\"BreadcrumbList\",\"@id\":\"https:\\\/\\\/aica.com\\\/es\\\/cuanto-tiempo-debo-estar-de-baja-tras-una-lesion-de-espalda-por-accidente-de-trafico\\\/#breadcrumb\",\"itemListElement\":[{\"@type\":\"ListItem\",\"position\":1,\"name\":\"Inicio\",\"item\":\"https:\\\/\\\/aica.com\\\/es\\\/homepage\\\/\"},{\"@type\":\"ListItem\",\"position\":2,\"name\":\"\u00bfCu\u00e1nto tiempo debo estar de baja tras una lesi\u00f3n de espalda por accidente de tr\u00e1fico?\"}]},{\"@type\":\"WebSite\",\"@id\":\"https:\\\/\\\/aica.com\\\/es\\\/#website\",\"url\":\"https:\\\/\\\/aica.com\\\/es\\\/\",\"name\":\"AICA Orthopedics\",\"description\":\"\",\"potentialAction\":[{\"@type\":\"SearchAction\",\"target\":{\"@type\":\"EntryPoint\",\"urlTemplate\":\"https:\\\/\\\/aica.com\\\/es\\\/?s={search_term_string}\"},\"query-input\":{\"@type\":\"PropertyValueSpecification\",\"valueRequired\":true,\"valueName\":\"search_term_string\"}}],\"inLanguage\":\"es\"},{\"@type\":\"Person\",\"@id\":\"https:\\\/\\\/aica.com\\\/es\\\/#\\\/schema\\\/person\\\/d68d1233a139d55e37d8e4d867f6dc24\",\"name\":\"aicaos\",\"image\":{\"@type\":\"ImageObject\",\"inLanguage\":\"es\",\"@id\":\"https:\\\/\\\/secure.gravatar.com\\\/avatar\\\/7d10a6c78c65fe9f7a19da6de7c2db3dfb9bab4e578f7457014277d19257ecaa?s=96&d=mm&r=g\",\"url\":\"https:\\\/\\\/secure.gravatar.com\\\/avatar\\\/7d10a6c78c65fe9f7a19da6de7c2db3dfb9bab4e578f7457014277d19257ecaa?s=96&d=mm&r=g\",\"contentUrl\":\"https:\\\/\\\/secure.gravatar.com\\\/avatar\\\/7d10a6c78c65fe9f7a19da6de7c2db3dfb9bab4e578f7457014277d19257ecaa?s=96&d=mm&r=g\",\"caption\":\"aicaos\"},\"url\":\"https:\\\/\\\/aica.com\\\/es\\\/author\\\/aicaos\\\/\"}]}<\/script>\n<!-- \/ Yoast SEO plugin. -->","yoast_head_json":{"title":"Cu\u00e1nto tiempo de baja laboral tras una lesi\u00f3n de espalda por accidente de tr\u00e1fico","description":"Sufrir una lesi\u00f3n de espalda tras un accidente de coche puede hacerte retroceder si no tomas las medidas adecuadas y el tiempo necesario para curarte. Lee aqu\u00ed lo que recomiendan los m\u00e9dicos","robots":{"index":"index","follow":"follow","max-snippet":"max-snippet:-1","max-image-preview":"max-image-preview:large","max-video-preview":"max-video-preview:-1"},"canonical":"https:\/\/aica.com\/es\/cuanto-tiempo-debo-estar-de-baja-tras-una-lesion-de-espalda-por-accidente-de-trafico\/","og_locale":"es_ES","og_type":"article","og_title":"Cu\u00e1nto tiempo de baja laboral tras una lesi\u00f3n de espalda por accidente de tr\u00e1fico","og_description":"Sufrir una lesi\u00f3n de espalda tras un accidente de coche puede hacerte retroceder si no tomas las medidas adecuadas y el tiempo necesario para curarte. Lee aqu\u00ed lo que recomiendan los m\u00e9dicos","og_url":"https:\/\/aica.com\/es\/cuanto-tiempo-debo-estar-de-baja-tras-una-lesion-de-espalda-por-accidente-de-trafico\/","og_site_name":"AICA Orthopedics","article_published_time":"2020-11-04T08:00:06+00:00","article_modified_time":"2025-04-30T10:54:02+00:00","og_image":[{"width":1000,"height":667,"url":"https:\/\/aica.com\/wp-content\/uploads\/2024\/09\/How-Long-Should-I-Stay-Out-of-Work-After-a-Back-Injury-from-a-Car-Accident.jpg","type":"image\/jpeg"}],"author":"aicaos","twitter_card":"summary_large_image","twitter_misc":{"Escrito por":"aicaos","Tiempo de lectura":"4 minutos"},"schema":{"@context":"https:\/\/schema.org","@graph":[{"@type":"Article","@id":"https:\/\/aica.com\/es\/cuanto-tiempo-debo-estar-de-baja-tras-una-lesion-de-espalda-por-accidente-de-trafico\/#article","isPartOf":{"@id":"https:\/\/aica.com\/es\/cuanto-tiempo-debo-estar-de-baja-tras-una-lesion-de-espalda-por-accidente-de-trafico\/"},"author":{"name":"aicaos","@id":"https:\/\/aica.com\/es\/#\/schema\/person\/d68d1233a139d55e37d8e4d867f6dc24"},"headline":"\u00bfCu\u00e1nto tiempo debo estar de baja tras una lesi\u00f3n de espalda por accidente de tr\u00e1fico?","datePublished":"2020-11-04T08:00:06+00:00","dateModified":"2025-04-30T10:54:02+00:00","mainEntityOfPage":{"@id":"https:\/\/aica.com\/es\/cuanto-tiempo-debo-estar-de-baja-tras-una-lesion-de-espalda-por-accidente-de-trafico\/"},"wordCount":884,"image":{"@id":"https:\/\/aica.com\/es\/cuanto-tiempo-debo-estar-de-baja-tras-una-lesion-de-espalda-por-accidente-de-trafico\/#primaryimage"},"thumbnailUrl":"https:\/\/aica.com\/wp-content\/uploads\/2024\/09\/How-Long-Should-I-Stay-Out-of-Work-After-a-Back-Injury-from-a-Car-Accident.jpg","keywords":["volver"],"articleSection":["Recuperaci\u00f3n de accidentes"],"inLanguage":"es"},{"@type":"WebPage","@id":"https:\/\/aica.com\/es\/cuanto-tiempo-debo-estar-de-baja-tras-una-lesion-de-espalda-por-accidente-de-trafico\/","url":"https:\/\/aica.com\/es\/cuanto-tiempo-debo-estar-de-baja-tras-una-lesion-de-espalda-por-accidente-de-trafico\/","name":"Cu\u00e1nto tiempo de baja laboral tras una lesi\u00f3n de espalda por accidente de tr\u00e1fico","isPartOf":{"@id":"https:\/\/aica.com\/es\/#website"},"primaryImageOfPage":{"@id":"https:\/\/aica.com\/es\/cuanto-tiempo-debo-estar-de-baja-tras-una-lesion-de-espalda-por-accidente-de-trafico\/#primaryimage"},"image":{"@id":"https:\/\/aica.com\/es\/cuanto-tiempo-debo-estar-de-baja-tras-una-lesion-de-espalda-por-accidente-de-trafico\/#primaryimage"},"thumbnailUrl":"https:\/\/aica.com\/wp-content\/uploads\/2024\/09\/How-Long-Should-I-Stay-Out-of-Work-After-a-Back-Injury-from-a-Car-Accident.jpg","datePublished":"2020-11-04T08:00:06+00:00","dateModified":"2025-04-30T10:54:02+00:00","author":{"@id":"https:\/\/aica.com\/es\/#\/schema\/person\/d68d1233a139d55e37d8e4d867f6dc24"},"description":"Sufrir una lesi\u00f3n de espalda tras un accidente de coche puede hacerte retroceder si no tomas las medidas adecuadas y el tiempo necesario para curarte. Lee aqu\u00ed lo que recomiendan los m\u00e9dicos","breadcrumb":{"@id":"https:\/\/aica.com\/es\/cuanto-tiempo-debo-estar-de-baja-tras-una-lesion-de-espalda-por-accidente-de-trafico\/#breadcrumb"},"inLanguage":"es","potentialAction":[{"@type":"ReadAction","target":["https:\/\/aica.com\/es\/cuanto-tiempo-debo-estar-de-baja-tras-una-lesion-de-espalda-por-accidente-de-trafico\/"]}]},{"@type":"ImageObject","inLanguage":"es","@id":"https:\/\/aica.com\/es\/cuanto-tiempo-debo-estar-de-baja-tras-una-lesion-de-espalda-por-accidente-de-trafico\/#primaryimage","url":"https:\/\/aica.com\/wp-content\/uploads\/2024\/09\/How-Long-Should-I-Stay-Out-of-Work-After-a-Back-Injury-from-a-Car-Accident.jpg","contentUrl":"https:\/\/aica.com\/wp-content\/uploads\/2024\/09\/How-Long-Should-I-Stay-Out-of-Work-After-a-Back-Injury-from-a-Car-Accident.jpg","width":1000,"height":667},{"@type":"BreadcrumbList","@id":"https:\/\/aica.com\/es\/cuanto-tiempo-debo-estar-de-baja-tras-una-lesion-de-espalda-por-accidente-de-trafico\/#breadcrumb","itemListElement":[{"@type":"ListItem","position":1,"name":"Inicio","item":"https:\/\/aica.com\/es\/homepage\/"},{"@type":"ListItem","position":2,"name":"\u00bfCu\u00e1nto tiempo debo estar de baja tras una lesi\u00f3n de espalda por accidente de tr\u00e1fico?"}]},{"@type":"WebSite","@id":"https:\/\/aica.com\/es\/#website","url":"https:\/\/aica.com\/es\/","name":"AICA Orthopedics","description":"","potentialAction":[{"@type":"SearchAction","target":{"@type":"EntryPoint","urlTemplate":"https:\/\/aica.com\/es\/?s={search_term_string}"},"query-input":{"@type":"PropertyValueSpecification","valueRequired":true,"valueName":"search_term_string"}}],"inLanguage":"es"},{"@type":"Person","@id":"https:\/\/aica.com\/es\/#\/schema\/person\/d68d1233a139d55e37d8e4d867f6dc24","name":"aicaos","image":{"@type":"ImageObject","inLanguage":"es","@id":"https:\/\/secure.gravatar.com\/avatar\/7d10a6c78c65fe9f7a19da6de7c2db3dfb9bab4e578f7457014277d19257ecaa?s=96&d=mm&r=g","url":"https:\/\/secure.gravatar.com\/avatar\/7d10a6c78c65fe9f7a19da6de7c2db3dfb9bab4e578f7457014277d19257ecaa?s=96&d=mm&r=g","contentUrl":"https:\/\/secure.gravatar.com\/avatar\/7d10a6c78c65fe9f7a19da6de7c2db3dfb9bab4e578f7457014277d19257ecaa?s=96&d=mm&r=g","caption":"aicaos"},"url":"https:\/\/aica.com\/es\/author\/aicaos\/"}]}},"_links":{"self":[{"href":"https:\/\/aica.com\/es\/wp-json\/wp\/v2\/posts\/9947","targetHints":{"allow":["GET"]}}],"collection":[{"href":"https:\/\/aica.com\/es\/wp-json\/wp\/v2\/posts"}],"about":[{"href":"https:\/\/aica.com\/es\/wp-json\/wp\/v2\/types\/post"}],"author":[{"embeddable":true,"href":"https:\/\/aica.com\/es\/wp-json\/wp\/v2\/users\/9"}],"replies":[{"embeddable":true,"href":"https:\/\/aica.com\/es\/wp-json\/wp\/v2\/comments?post=9947"}],"version-history":[{"count":0,"href":"https:\/\/aica.com\/es\/wp-json\/wp\/v2\/posts\/9947\/revisions"}],"wp:featuredmedia":[{"embeddable":true,"href":"https:\/\/aica.com\/es\/wp-json\/wp\/v2\/media\/7639"}],"wp:attachment":[{"href":"https:\/\/aica.com\/es\/wp-json\/wp\/v2\/media?parent=9947"}],"wp:term":[{"taxonomy":"category","embeddable":true,"href":"https:\/\/aica.com\/es\/wp-json\/wp\/v2\/categories?post=9947"},{"taxonomy":"post_tag","embeddable":true,"href":"https:\/\/aica.com\/es\/wp-json\/wp\/v2\/tags?post=9947"}],"curies":[{"name":"wp","href":"https:\/\/api.w.org\/{rel}","templated":true}]}}