{"id":9845,"date":"2021-11-20T08:00:03","date_gmt":"2021-11-20T08:00:03","guid":{"rendered":"https:\/\/aica.com\/por-que-me-duele-la-cabeza-cuando-toso\/"},"modified":"2025-04-02T13:01:36","modified_gmt":"2025-04-02T13:01:36","slug":"por-que-me-duele-la-cabeza-cuando-toso","status":"publish","type":"post","link":"https:\/\/aica.com\/es\/por-que-me-duele-la-cabeza-cuando-toso\/","title":{"rendered":"\u00bfPor qu\u00e9 me duele la cabeza cuando toso?"},"content":{"rendered":"<p><br \/>\nCon la temporada de gripe y las temperaturas m\u00e1s bajas a la vuelta de la esquina, puede que te est\u00e9s preparando para los mocos y la tos. Muchas alergias estacionales, resfriados e incluso la gripe pueden causar dolor de cabeza al toser. Puede que te preguntes &#8220;\u00bfpor qu\u00e9 me duele la cabeza al toser?&#8221;, y la respuesta es: \u00a1depende! Hay muchas razones por las que puede dolerte la cabeza al toser, y tu <a href=\"https:\/\/aica.com\/es\/chiropractors\/\">quiropr\u00e1ctico de<\/a> Atlanta puede ayudarte a superar ese dolor mientras te curas y recuperas. Sigue leyendo para saber m\u00e1s sobre la conexi\u00f3n entre la tos y el dolor de cabeza.    <\/p>\n<h2>\u00bfQu\u00e9 causa el dolor de cabeza al toser?<\/h2>\n<p>Cuando visitas al m\u00e9dico por un resfriado, uno de los primeros s\u00edntomas que puedes compartir es que &#8220;cuando toso, me duele la cabeza&#8221;. Para tratar la causa de tu tos y del dolor de cabeza, tu m\u00e9dico tendr\u00e1 que determinar la causa de esos s\u00edntomas. He aqu\u00ed los dos tipos de dolores de cabeza por tos y qu\u00e9 tipos de trastornos de salud pueden se\u00f1alar:  <\/p>\n<h3>Tos primaria Dolores de cabeza<\/h3>\n<p><a href=\"https:\/\/aica.com\/we-treat\/conditions\/headaches\/\">Los dolores de cabeza primarios por tos son el tipo m\u00e1s frecuente<\/a> y suelen ser temporales y no causar problemas duraderos. Tanto si est\u00e1s resfriado como si estornudas debido a una alergia, o incluso si te r\u00edes demasiado fuerte, la presi\u00f3n que se acumula al toser puede acabar provocando un dolor de cabeza. Un aumento de la presi\u00f3n en la cabeza puede causar molestos dolores de cabeza y molestias.  <\/p>\n<h3>Dolores de cabeza secundarios a la tos<\/h3>\n<p>Las cefaleas secundarias a la tos son menos frecuentes porque suelen deberse a una afecci\u00f3n subyacente, como un trastorno cerebral. Las causas de las <a href=\"https:\/\/aica.com\/we-treat\/conditions\/headaches\/\">cefaleas<\/a> secundarias a la tos pueden ser un tumor cerebral, hidrocefalia o un trastorno que afecte al l\u00edquido cefalorraqu\u00eddeo. <\/p>\n<h2>S\u00edntomas de la tos Dolores de cabeza<\/h2>\n<p>Si tienes un resfriado o una gripe, entonces los dolores de cabeza, la tos y los estornudos pueden ser s\u00edntomas que puedes experimentar. Sin embargo, los dolores de cabeza por tos tambi\u00e9n pueden producirse sin que haya un resfriado o un al\u00e9rgeno presente. Si tienes dolor de cabeza al toser, puede sentirse como un dolor agudo o punzante. Puedes experimentar dolor de cabeza mientras toses o despu\u00e9s. Muchas personas tambi\u00e9n refieren un dolor sordo despu\u00e9s de toser, cuando el dolor remite. Estos son los s\u00edntomas t\u00edpicos de un dolor de cabeza primario por tos. Tu m\u00e9dico podr\u00e1 ayudarte a determinar si realmente experimentas un dolor de cabeza secundario a la tos si tienes otros s\u00edntomas como mareos y sensaci\u00f3n de desequilibrio o desmayo.      <\/p>\n<h2>Opciones de tratamiento para el dolor de cabeza al toser<\/h2>\n<p>Puedes probar remedios caseros que te ayuden a aliviar el dolor y las molestias de los dolores de cabeza causados por la tos primaria desde tu casa. Si la causa de tu tos es un resfriado o una gripe, considera la posibilidad de tomar medicamentos que ayuden a reducir esos s\u00edntomas espec\u00edficos. Si tu tos est\u00e1 relacionada con las alergias, limpiar los senos nasales puede ayudar a eliminar los al\u00e9rgenos de tu cuerpo e incluso a reducir la presi\u00f3n sobre la cabeza. Una de las mejores cosas que puedes hacer por tu cuerpo mientras se cura es descansar mucho. Esto da tiempo a tu cuerpo para desarrollar una respuesta inmunitaria mientras duermes. Tambi\u00e9n debes beber mucho l\u00edquido, incluidas bebidas calientes como el t\u00e9 caliente con miel y lim\u00f3n para aliviar el dolor de garganta.     <\/p>\n<p>Si la tos y el dolor de cabeza persisten, acude al m\u00e9dico para obtener m\u00e1s opciones de tratamiento y apoyo. Algunos medicamentos pueden ayudar a reducir la tos y tambi\u00e9n a aliviar los problemas que la acompa\u00f1an, como la inflamaci\u00f3n y la presi\u00f3n. Si sufres dolor de cabeza al toser en determinadas \u00e9pocas del a\u00f1o, como ciertas temporadas de alergias, tambi\u00e9n puedes ser proactivo y visitar a tu quiropr\u00e1ctico de Atlanta para tomar medidas preventivas. Esto puede incluir ajustes de la columna vertebral para ayudar a restablecer la alineaci\u00f3n adecuada de la columna y las articulaciones y reducir la inflamaci\u00f3n de las membranas mucosas. Tu quiropr\u00e1ctico tambi\u00e9n puede ayudarte a aliviar la presi\u00f3n en la cabeza que te causa dolor. Acude al m\u00e9dico lo antes posible si empiezas a experimentar p\u00e9rdida de equilibrio, desmayos o mareos junto con el dolor de cabeza y la tos, o si tienes un dolor de cabeza que dura m\u00e1s de dos horas. Es posible que tu quiropr\u00e1ctico de Atlanta tambi\u00e9n quiera utilizar herramientas de diagn\u00f3stico por imagen, como una <a href=\"https:\/\/aica.com\/services\/imaging\/x-ray\/\">radiograf\u00eda<\/a> o una <a href=\"https:\/\/aica.com\/services\/imaging\/ct-scan\/\">tomograf\u00eda computarizada<\/a>, para comprobar si tu cerebro y m\u00e9dula espinal presentan alg\u00fan problema potencial que contribuya a tu tos y dolor de cabeza.      <\/p>\n<p>Obt\u00e9n m\u00e1s informaci\u00f3n sobre c\u00f3mo puedes beneficiarte de la atenci\u00f3n quiropr\u00e1ctica con nuestro equipo de m\u00e9dicos de <a href=\"https:\/\/aica.com\/es\/orthopedic-doctors\/\">AICA Orthopedics<\/a> en Atlanta.<\/p>\n","protected":false},"excerpt":{"rendered":"<p>Con la temporada de gripe y las temperaturas m\u00e1s bajas a la vuelta de la esquina, puede que te est\u00e9s preparando para los mocos y la tos. Muchas alergias estacionales,&#8230;<\/p>\n","protected":false},"author":9,"featured_media":7767,"comment_status":"closed","ping_status":"closed","sticky":false,"template":"","format":"standard","meta":{"_acf_changed":false,"inline_featured_image":false,"footnotes":""},"categories":[207,192],"tags":[],"class_list":["post-9845","post","type-post","status-publish","format-standard","has-post-thumbnail","hentry","category-despues-de-un-accidente","category-recuperacion-de-accidentes"],"acf":[],"yoast_head":"<!-- This site is optimized with the Yoast SEO plugin v27.4 - https:\/\/yoast.com\/product\/yoast-seo-wordpress\/ -->\n<title>\u00bfPor qu\u00e9 me duele la cabeza cuando toso? - AICA Orthopedics<\/title>\n<meta name=\"description\" content=\"Con la temporada de gripe y las temperaturas m\u00e1s bajas a la vuelta de la esquina, puede que te est\u00e9s preparando para los mocos y la tos. Descubre por qu\u00e9 me duele la cabeza al toser.\" \/>\n<meta name=\"robots\" content=\"index, follow, max-snippet:-1, max-image-preview:large, max-video-preview:-1\" \/>\n<link rel=\"canonical\" href=\"https:\/\/aica.com\/es\/por-que-me-duele-la-cabeza-cuando-toso\/\" \/>\n<meta property=\"og:locale\" content=\"es_ES\" \/>\n<meta property=\"og:type\" content=\"article\" \/>\n<meta property=\"og:title\" content=\"\u00bfPor qu\u00e9 me duele la cabeza cuando toso? - AICA Orthopedics\" \/>\n<meta property=\"og:description\" content=\"Con la temporada de gripe y las temperaturas m\u00e1s bajas a la vuelta de la esquina, puede que te est\u00e9s preparando para los mocos y la tos. Descubre por qu\u00e9 me duele la cabeza al toser.\" \/>\n<meta property=\"og:url\" content=\"https:\/\/aica.com\/es\/por-que-me-duele-la-cabeza-cuando-toso\/\" \/>\n<meta property=\"og:site_name\" content=\"AICA Orthopedics\" \/>\n<meta property=\"article:published_time\" content=\"2021-11-20T08:00:03+00:00\" \/>\n<meta property=\"article:modified_time\" content=\"2025-04-02T13:01:36+00:00\" \/>\n<meta property=\"og:image\" content=\"https:\/\/aica.com\/wp-content\/uploads\/2024\/09\/why-does-my-head-hurt-when-i-cough.jpg\" \/>\n\t<meta property=\"og:image:width\" content=\"1000\" \/>\n\t<meta property=\"og:image:height\" content=\"667\" \/>\n\t<meta property=\"og:image:type\" content=\"image\/jpeg\" \/>\n<meta name=\"author\" content=\"aicaos\" \/>\n<meta name=\"twitter:card\" content=\"summary_large_image\" \/>\n<meta name=\"twitter:label1\" content=\"Escrito por\" \/>\n\t<meta name=\"twitter:data1\" content=\"aicaos\" \/>\n\t<meta name=\"twitter:label2\" content=\"Tiempo de lectura\" \/>\n\t<meta name=\"twitter:data2\" content=\"4 minutos\" \/>\n<script type=\"application\/ld+json\" class=\"yoast-schema-graph\">{\"@context\":\"https:\\\/\\\/schema.org\",\"@graph\":[{\"@type\":\"Article\",\"@id\":\"https:\\\/\\\/aica.com\\\/es\\\/por-que-me-duele-la-cabeza-cuando-toso\\\/#article\",\"isPartOf\":{\"@id\":\"https:\\\/\\\/aica.com\\\/es\\\/por-que-me-duele-la-cabeza-cuando-toso\\\/\"},\"author\":{\"name\":\"aicaos\",\"@id\":\"https:\\\/\\\/aica.com\\\/es\\\/#\\\/schema\\\/person\\\/d68d1233a139d55e37d8e4d867f6dc24\"},\"headline\":\"\u00bfPor qu\u00e9 me duele la cabeza cuando toso?\",\"datePublished\":\"2021-11-20T08:00:03+00:00\",\"dateModified\":\"2025-04-02T13:01:36+00:00\",\"mainEntityOfPage\":{\"@id\":\"https:\\\/\\\/aica.com\\\/es\\\/por-que-me-duele-la-cabeza-cuando-toso\\\/\"},\"wordCount\":872,\"image\":{\"@id\":\"https:\\\/\\\/aica.com\\\/es\\\/por-que-me-duele-la-cabeza-cuando-toso\\\/#primaryimage\"},\"thumbnailUrl\":\"https:\\\/\\\/aica.com\\\/wp-content\\\/uploads\\\/2024\\\/09\\\/why-does-my-head-hurt-when-i-cough.jpg\",\"articleSection\":[\"Despu\u00e9s de un accidente\",\"Recuperaci\u00f3n de accidentes\"],\"inLanguage\":\"es\"},{\"@type\":\"WebPage\",\"@id\":\"https:\\\/\\\/aica.com\\\/es\\\/por-que-me-duele-la-cabeza-cuando-toso\\\/\",\"url\":\"https:\\\/\\\/aica.com\\\/es\\\/por-que-me-duele-la-cabeza-cuando-toso\\\/\",\"name\":\"\u00bfPor qu\u00e9 me duele la cabeza cuando toso? - AICA Orthopedics\",\"isPartOf\":{\"@id\":\"https:\\\/\\\/aica.com\\\/es\\\/#website\"},\"primaryImageOfPage\":{\"@id\":\"https:\\\/\\\/aica.com\\\/es\\\/por-que-me-duele-la-cabeza-cuando-toso\\\/#primaryimage\"},\"image\":{\"@id\":\"https:\\\/\\\/aica.com\\\/es\\\/por-que-me-duele-la-cabeza-cuando-toso\\\/#primaryimage\"},\"thumbnailUrl\":\"https:\\\/\\\/aica.com\\\/wp-content\\\/uploads\\\/2024\\\/09\\\/why-does-my-head-hurt-when-i-cough.jpg\",\"datePublished\":\"2021-11-20T08:00:03+00:00\",\"dateModified\":\"2025-04-02T13:01:36+00:00\",\"author\":{\"@id\":\"https:\\\/\\\/aica.com\\\/es\\\/#\\\/schema\\\/person\\\/d68d1233a139d55e37d8e4d867f6dc24\"},\"description\":\"Con la temporada de gripe y las temperaturas m\u00e1s bajas a la vuelta de la esquina, puede que te est\u00e9s preparando para los mocos y la tos. Descubre por qu\u00e9 me duele la cabeza al toser.\",\"breadcrumb\":{\"@id\":\"https:\\\/\\\/aica.com\\\/es\\\/por-que-me-duele-la-cabeza-cuando-toso\\\/#breadcrumb\"},\"inLanguage\":\"es\",\"potentialAction\":[{\"@type\":\"ReadAction\",\"target\":[\"https:\\\/\\\/aica.com\\\/es\\\/por-que-me-duele-la-cabeza-cuando-toso\\\/\"]}]},{\"@type\":\"ImageObject\",\"inLanguage\":\"es\",\"@id\":\"https:\\\/\\\/aica.com\\\/es\\\/por-que-me-duele-la-cabeza-cuando-toso\\\/#primaryimage\",\"url\":\"https:\\\/\\\/aica.com\\\/wp-content\\\/uploads\\\/2024\\\/09\\\/why-does-my-head-hurt-when-i-cough.jpg\",\"contentUrl\":\"https:\\\/\\\/aica.com\\\/wp-content\\\/uploads\\\/2024\\\/09\\\/why-does-my-head-hurt-when-i-cough.jpg\",\"width\":1000,\"height\":667},{\"@type\":\"BreadcrumbList\",\"@id\":\"https:\\\/\\\/aica.com\\\/es\\\/por-que-me-duele-la-cabeza-cuando-toso\\\/#breadcrumb\",\"itemListElement\":[{\"@type\":\"ListItem\",\"position\":1,\"name\":\"Inicio\",\"item\":\"https:\\\/\\\/aica.com\\\/es\\\/homepage\\\/\"},{\"@type\":\"ListItem\",\"position\":2,\"name\":\"\u00bfPor qu\u00e9 me duele la cabeza cuando toso?\"}]},{\"@type\":\"WebSite\",\"@id\":\"https:\\\/\\\/aica.com\\\/es\\\/#website\",\"url\":\"https:\\\/\\\/aica.com\\\/es\\\/\",\"name\":\"AICA Orthopedics\",\"description\":\"\",\"potentialAction\":[{\"@type\":\"SearchAction\",\"target\":{\"@type\":\"EntryPoint\",\"urlTemplate\":\"https:\\\/\\\/aica.com\\\/es\\\/?s={search_term_string}\"},\"query-input\":{\"@type\":\"PropertyValueSpecification\",\"valueRequired\":true,\"valueName\":\"search_term_string\"}}],\"inLanguage\":\"es\"},{\"@type\":\"Person\",\"@id\":\"https:\\\/\\\/aica.com\\\/es\\\/#\\\/schema\\\/person\\\/d68d1233a139d55e37d8e4d867f6dc24\",\"name\":\"aicaos\",\"image\":{\"@type\":\"ImageObject\",\"inLanguage\":\"es\",\"@id\":\"https:\\\/\\\/secure.gravatar.com\\\/avatar\\\/7d10a6c78c65fe9f7a19da6de7c2db3dfb9bab4e578f7457014277d19257ecaa?s=96&d=mm&r=g\",\"url\":\"https:\\\/\\\/secure.gravatar.com\\\/avatar\\\/7d10a6c78c65fe9f7a19da6de7c2db3dfb9bab4e578f7457014277d19257ecaa?s=96&d=mm&r=g\",\"contentUrl\":\"https:\\\/\\\/secure.gravatar.com\\\/avatar\\\/7d10a6c78c65fe9f7a19da6de7c2db3dfb9bab4e578f7457014277d19257ecaa?s=96&d=mm&r=g\",\"caption\":\"aicaos\"},\"url\":\"https:\\\/\\\/aica.com\\\/es\\\/author\\\/aicaos\\\/\"}]}<\/script>\n<!-- \/ Yoast SEO plugin. -->","yoast_head_json":{"title":"\u00bfPor qu\u00e9 me duele la cabeza cuando toso? - AICA Orthopedics","description":"Con la temporada de gripe y las temperaturas m\u00e1s bajas a la vuelta de la esquina, puede que te est\u00e9s preparando para los mocos y la tos. Descubre por qu\u00e9 me duele la cabeza al toser.","robots":{"index":"index","follow":"follow","max-snippet":"max-snippet:-1","max-image-preview":"max-image-preview:large","max-video-preview":"max-video-preview:-1"},"canonical":"https:\/\/aica.com\/es\/por-que-me-duele-la-cabeza-cuando-toso\/","og_locale":"es_ES","og_type":"article","og_title":"\u00bfPor qu\u00e9 me duele la cabeza cuando toso? - AICA Orthopedics","og_description":"Con la temporada de gripe y las temperaturas m\u00e1s bajas a la vuelta de la esquina, puede que te est\u00e9s preparando para los mocos y la tos. Descubre por qu\u00e9 me duele la cabeza al toser.","og_url":"https:\/\/aica.com\/es\/por-que-me-duele-la-cabeza-cuando-toso\/","og_site_name":"AICA Orthopedics","article_published_time":"2021-11-20T08:00:03+00:00","article_modified_time":"2025-04-02T13:01:36+00:00","og_image":[{"width":1000,"height":667,"url":"https:\/\/aica.com\/wp-content\/uploads\/2024\/09\/why-does-my-head-hurt-when-i-cough.jpg","type":"image\/jpeg"}],"author":"aicaos","twitter_card":"summary_large_image","twitter_misc":{"Escrito por":"aicaos","Tiempo de lectura":"4 minutos"},"schema":{"@context":"https:\/\/schema.org","@graph":[{"@type":"Article","@id":"https:\/\/aica.com\/es\/por-que-me-duele-la-cabeza-cuando-toso\/#article","isPartOf":{"@id":"https:\/\/aica.com\/es\/por-que-me-duele-la-cabeza-cuando-toso\/"},"author":{"name":"aicaos","@id":"https:\/\/aica.com\/es\/#\/schema\/person\/d68d1233a139d55e37d8e4d867f6dc24"},"headline":"\u00bfPor qu\u00e9 me duele la cabeza cuando toso?","datePublished":"2021-11-20T08:00:03+00:00","dateModified":"2025-04-02T13:01:36+00:00","mainEntityOfPage":{"@id":"https:\/\/aica.com\/es\/por-que-me-duele-la-cabeza-cuando-toso\/"},"wordCount":872,"image":{"@id":"https:\/\/aica.com\/es\/por-que-me-duele-la-cabeza-cuando-toso\/#primaryimage"},"thumbnailUrl":"https:\/\/aica.com\/wp-content\/uploads\/2024\/09\/why-does-my-head-hurt-when-i-cough.jpg","articleSection":["Despu\u00e9s de un accidente","Recuperaci\u00f3n de accidentes"],"inLanguage":"es"},{"@type":"WebPage","@id":"https:\/\/aica.com\/es\/por-que-me-duele-la-cabeza-cuando-toso\/","url":"https:\/\/aica.com\/es\/por-que-me-duele-la-cabeza-cuando-toso\/","name":"\u00bfPor qu\u00e9 me duele la cabeza cuando toso? - AICA Orthopedics","isPartOf":{"@id":"https:\/\/aica.com\/es\/#website"},"primaryImageOfPage":{"@id":"https:\/\/aica.com\/es\/por-que-me-duele-la-cabeza-cuando-toso\/#primaryimage"},"image":{"@id":"https:\/\/aica.com\/es\/por-que-me-duele-la-cabeza-cuando-toso\/#primaryimage"},"thumbnailUrl":"https:\/\/aica.com\/wp-content\/uploads\/2024\/09\/why-does-my-head-hurt-when-i-cough.jpg","datePublished":"2021-11-20T08:00:03+00:00","dateModified":"2025-04-02T13:01:36+00:00","author":{"@id":"https:\/\/aica.com\/es\/#\/schema\/person\/d68d1233a139d55e37d8e4d867f6dc24"},"description":"Con la temporada de gripe y las temperaturas m\u00e1s bajas a la vuelta de la esquina, puede que te est\u00e9s preparando para los mocos y la tos. Descubre por qu\u00e9 me duele la cabeza al toser.","breadcrumb":{"@id":"https:\/\/aica.com\/es\/por-que-me-duele-la-cabeza-cuando-toso\/#breadcrumb"},"inLanguage":"es","potentialAction":[{"@type":"ReadAction","target":["https:\/\/aica.com\/es\/por-que-me-duele-la-cabeza-cuando-toso\/"]}]},{"@type":"ImageObject","inLanguage":"es","@id":"https:\/\/aica.com\/es\/por-que-me-duele-la-cabeza-cuando-toso\/#primaryimage","url":"https:\/\/aica.com\/wp-content\/uploads\/2024\/09\/why-does-my-head-hurt-when-i-cough.jpg","contentUrl":"https:\/\/aica.com\/wp-content\/uploads\/2024\/09\/why-does-my-head-hurt-when-i-cough.jpg","width":1000,"height":667},{"@type":"BreadcrumbList","@id":"https:\/\/aica.com\/es\/por-que-me-duele-la-cabeza-cuando-toso\/#breadcrumb","itemListElement":[{"@type":"ListItem","position":1,"name":"Inicio","item":"https:\/\/aica.com\/es\/homepage\/"},{"@type":"ListItem","position":2,"name":"\u00bfPor qu\u00e9 me duele la cabeza cuando toso?"}]},{"@type":"WebSite","@id":"https:\/\/aica.com\/es\/#website","url":"https:\/\/aica.com\/es\/","name":"AICA Orthopedics","description":"","potentialAction":[{"@type":"SearchAction","target":{"@type":"EntryPoint","urlTemplate":"https:\/\/aica.com\/es\/?s={search_term_string}"},"query-input":{"@type":"PropertyValueSpecification","valueRequired":true,"valueName":"search_term_string"}}],"inLanguage":"es"},{"@type":"Person","@id":"https:\/\/aica.com\/es\/#\/schema\/person\/d68d1233a139d55e37d8e4d867f6dc24","name":"aicaos","image":{"@type":"ImageObject","inLanguage":"es","@id":"https:\/\/secure.gravatar.com\/avatar\/7d10a6c78c65fe9f7a19da6de7c2db3dfb9bab4e578f7457014277d19257ecaa?s=96&d=mm&r=g","url":"https:\/\/secure.gravatar.com\/avatar\/7d10a6c78c65fe9f7a19da6de7c2db3dfb9bab4e578f7457014277d19257ecaa?s=96&d=mm&r=g","contentUrl":"https:\/\/secure.gravatar.com\/avatar\/7d10a6c78c65fe9f7a19da6de7c2db3dfb9bab4e578f7457014277d19257ecaa?s=96&d=mm&r=g","caption":"aicaos"},"url":"https:\/\/aica.com\/es\/author\/aicaos\/"}]}},"_links":{"self":[{"href":"https:\/\/aica.com\/es\/wp-json\/wp\/v2\/posts\/9845","targetHints":{"allow":["GET"]}}],"collection":[{"href":"https:\/\/aica.com\/es\/wp-json\/wp\/v2\/posts"}],"about":[{"href":"https:\/\/aica.com\/es\/wp-json\/wp\/v2\/types\/post"}],"author":[{"embeddable":true,"href":"https:\/\/aica.com\/es\/wp-json\/wp\/v2\/users\/9"}],"replies":[{"embeddable":true,"href":"https:\/\/aica.com\/es\/wp-json\/wp\/v2\/comments?post=9845"}],"version-history":[{"count":0,"href":"https:\/\/aica.com\/es\/wp-json\/wp\/v2\/posts\/9845\/revisions"}],"wp:featuredmedia":[{"embeddable":true,"href":"https:\/\/aica.com\/es\/wp-json\/wp\/v2\/media\/7767"}],"wp:attachment":[{"href":"https:\/\/aica.com\/es\/wp-json\/wp\/v2\/media?parent=9845"}],"wp:term":[{"taxonomy":"category","embeddable":true,"href":"https:\/\/aica.com\/es\/wp-json\/wp\/v2\/categories?post=9845"},{"taxonomy":"post_tag","embeddable":true,"href":"https:\/\/aica.com\/es\/wp-json\/wp\/v2\/tags?post=9845"}],"curies":[{"name":"wp","href":"https:\/\/api.w.org\/{rel}","templated":true}]}}